[{"@context":"https:\/\/schema.org\/","@type":"Article","@id":"https:\/\/www.fcmsa.cz\/doba-panelova\/#Article","mainEntityOfPage":"https:\/\/www.fcmsa.cz\/doba-panelova\/","headline":"Doba panelov\u00e1","name":"Doba panelov\u00e1","description":"\u017dijeme v dob\u011b, v n\u00ed\u017e um\u011bl\u00e9 sv\u011btlo k \u017eivotu nezbytn\u011b pot\u0159ebujeme. Na rozd\u00edl od na\u0161ich praprap\u0159edk\u016f u\u017e si dnes toti\u017e&hellip;","datePublished":"2018-10-01","dateModified":"2023-05-05","author":{"@type":"Person","@id":"https:\/\/www.fcmsa.cz\/author\/#Person","name":"","url":"https:\/\/www.fcmsa.cz\/author\/","identifier":1,"image":{"@type":"ImageObject","@id":"https:\/\/secure.gravatar.com\/avatar\/f7b3e8bb7f7cc0c6ca940e74a10b952be4c7d81de8a980387c865f88889f02e3?s=96&d=mm&r=g","url":"https:\/\/secure.gravatar.com\/avatar\/f7b3e8bb7f7cc0c6ca940e74a10b952be4c7d81de8a980387c865f88889f02e3?s=96&d=mm&r=g","height":96,"width":96}},"publisher":{"@type":"Organization","name":"fcmsa.cz","logo":{"@type":"ImageObject","@id":"\/logo.png","url":"\/logo.png","width":600,"height":60}},"image":{"@type":"ImageObject","@id":"https:\/\/www.fcmsa.cz\/wp-content\/uploads\/img_a331369_w1950_t1543701648.jpg","url":"https:\/\/www.fcmsa.cz\/wp-content\/uploads\/img_a331369_w1950_t1543701648.jpg","height":0,"width":0},"url":"https:\/\/www.fcmsa.cz\/doba-panelova\/","wordCount":513,"articleBody":"\u017dijeme v dob\u011b, v n\u00ed\u017e um\u011bl\u00e9 sv\u011btlo k \u017eivotu nezbytn\u011b pot\u0159ebujeme. Na rozd\u00edl od na\u0161ich praprap\u0159edk\u016f u\u017e si dnes toti\u017e nem\u016f\u017eeme dovolit vst\u00e1vat v\u017edy ve chv\u00edli, kdy se slunce vyhoupne nad obzor, a ul\u00e9hat ke sp\u00e1nku, sotva se ze\u0161e\u0159\u00ed. Nedovoluj\u00ed n\u00e1m to povinnosti, je\u017e n\u00e1\u0161 ka\u017edodenn\u00ed \u017eivot p\u0159in\u00e1\u0161\u00ed, a nedovoluje to ani na\u0161e touha u\u017e\u00edvat si ve volnu za to, co jsme si d\u00edky sv\u00e9 pr\u00e1ci vyd\u011blali. A proto je pro n\u00e1s \u010dasto nezbytn\u00e9 n\u011bjak\u00e9 to osv\u011btlen\u00ed. Abychom si mohli u\u017e\u00edvat i tehdy, kdy\u017e venku panuje hlubok\u00e1 noc, anebo abychom mohli chodit do pr\u00e1ce i na no\u010dn\u00ed sm\u011bnu. Jen\u017ee jak prav\u00ed u\u017e zev\u0161edn\u011bl\u00e1 moudrost, pen\u00edze jsou a\u017e na prvn\u00edm m\u00edst\u011b. A tak chceme nejenom m\u00edt dostatek sv\u011btla, ale tak\u00e9 za toto pokud mo\u017eno co nejm\u00e9n\u011b platit. Chceme hodn\u011b muziky za m\u00e1lo pen\u011bz. Jen\u017ee jak na sv\u011btle \u0161et\u0159it, abychom sou\u010dasn\u011b nemuseli na sv\u011btle \u0161et\u0159it? Zd\u00e1 se to b\u00fdt \u00fakol hodn\u00fd chytr\u00e9 hor\u00e1kyn\u011b. Ale p\u0159ekvapiv\u011b nen\u00ed. Proto\u017ee takov\u00e9 \u0161et\u0159en\u00ed bez \u0161et\u0159en\u00ed mo\u017en\u00e9 je. Pokud je tedy \u010dlov\u011bk bystr\u00e9ho ducha, p\u0159em\u00fd\u0161l\u00ed a n\u00e1sledn\u011b tak\u00e9 kon\u00e1. Dnes u\u017e toti\u017e d\u00e1vno odzvonilo energeticky n\u00e1ro\u010dn\u00fdm sv\u00edtidl\u016fm, a kdo si po\u0159\u00edd\u00ed n\u011bjakou \u0161ikovnou alternativu typu , ur\u010dit\u011b neprohloup\u00ed. Proto\u017ee takov\u00fd LED panel je pr\u00e1v\u011b \u0159e\u0161en\u00edm, je\u017e na\u0161inec nejednou hled\u00e1. T\u011bleso takov\u00e9ho panelu, to je vn\u011bj\u0161\u00ed lem z eloxovan\u00e9ho hlin\u00edku v mnoha barevn\u00fdch variant\u00e1ch a \u010deln\u00ed kryt z mechanicky odoln\u00e9ho plastu, ukr\u00fdvaj\u00edc\u00ed sv\u011bteln\u00fd zdroj, rozm\u00edst\u011bn\u00fd na obd\u00e9ln\u00edkov\u00e9 nebo \u010dtvercov\u00e9 plo\u0161e \u010di ve tvaru kruhu. Jde o velice tenk\u00e9 za\u0159\u00edzen\u00ed, je\u017e lze barevn\u011b sladit se stropn\u00ed malbou a vybaven\u00edm bytu, d\u00edky \u010demu\u017e toto nep\u016fsob\u00ed jako p\u011bst na oko. Po\u0159\u00edd\u00edte si takov\u00fd panel a d\u00edky jeho energetick\u00e9 nen\u00e1ro\u010dnosti r\u00e1zem spo\u0159\u00edte elektrickou energii, a nav\u00edc se v\u00e1m dost\u00e1v\u00e1 podle va\u0161eho p\u0159\u00e1n\u00ed b\u00edl\u00e9ho nebo jinak zbarven\u00e9ho jasn\u00e9ho a neblikaj\u00edc\u00edho sv\u011btla nedr\u00e1\u017ed\u00edc\u00edho o\u010di, je\u017e nen\u00ed doprov\u00e1zeno ani \u017e\u00e1dn\u00fdmi nelib\u00fdmi zvuky nebo jin\u00fdm rezonov\u00e1n\u00edm. Sv\u011btlo tu pak m\u016f\u017ee vych\u00e1zet prakticky odkudkoliv. M\u016f\u017eete zvolit z\u00e1v\u011bsn\u00fd zdroj stejn\u011b jako podhledov\u00e1 sv\u011btla, panely s r\u00e1me\u010dkem nebo vestav\u011bn\u00e9 boxy. A m\u016f\u017eete si ho um\u00edstit nejenom dom\u016f, ale klidn\u011b i do jin\u00e9ho interi\u00e9ru, do kancel\u00e1\u0159e, hotelu, restaurace, penzionu, obchodu,\u2026 Ka\u017ed\u00e9mu co jeho jest. A m\u016f\u017eete m\u00edt r\u00e1zem jasno, to je jasn\u00e9. A p\u0159itom v\u00e1s nezruinuje spot\u0159eba elekt\u0159iny a jej\u00ed rostouc\u00ed cena. To mi v\u011b\u0159te.                                                                                                                                                                                                                                                                                                                                                                                        4.3\/5 - (7 votes)        "},{"@context":"https:\/\/schema.org\/","@type":"BreadcrumbList","itemListElement":[{"@type":"ListItem","position":1,"name":"Doba panelov\u00e1","item":"https:\/\/www.fcmsa.cz\/doba-panelova\/#breadcrumbitem"}]}]