[{"@context":"https:\/\/schema.org\/","@type":"Article","@id":"https:\/\/www.fcmsa.cz\/jak-se-lisi-selsky-stul-od-toho-klasickeho\/#Article","mainEntityOfPage":"https:\/\/www.fcmsa.cz\/jak-se-lisi-selsky-stul-od-toho-klasickeho\/","headline":"Jak se li\u0161\u00ed selsk\u00fd st\u016fl od toho klasick\u00e9ho","name":"Jak se li\u0161\u00ed selsk\u00fd st\u016fl od toho klasick\u00e9ho","description":"Jak plyne \u010das, m\u011bn\u00ed se i m\u00f3dn\u00ed trendy. To neplat\u00ed jen o oble\u010den\u00ed, a\u010dkoliv je to obvykle prvn\u00ed v\u011bc, kter\u00e1&hellip;","datePublished":"2021-11-06","dateModified":"2023-05-05","author":{"@type":"Person","@id":"https:\/\/www.fcmsa.cz\/author\/#Person","name":"","url":"https:\/\/www.fcmsa.cz\/author\/","identifier":1,"image":{"@type":"ImageObject","@id":"https:\/\/secure.gravatar.com\/avatar\/f7b3e8bb7f7cc0c6ca940e74a10b952be4c7d81de8a980387c865f88889f02e3?s=96&d=mm&r=g","url":"https:\/\/secure.gravatar.com\/avatar\/f7b3e8bb7f7cc0c6ca940e74a10b952be4c7d81de8a980387c865f88889f02e3?s=96&d=mm&r=g","height":96,"width":96}},"publisher":{"@type":"Organization","name":"fcmsa.cz","logo":{"@type":"ImageObject","@id":"\/logo.png","url":"\/logo.png","width":600,"height":60}},"image":{"@type":"ImageObject","@id":"https:\/\/www.fcmsa.cz\/wp-content\/uploads\/selskystul1.jpg","url":"https:\/\/www.fcmsa.cz\/wp-content\/uploads\/selskystul1.jpg","height":0,"width":0},"url":"https:\/\/www.fcmsa.cz\/jak-se-lisi-selsky-stul-od-toho-klasickeho\/","about":["V\u00fdrobky"],"wordCount":442,"articleBody":"   Jak plyne \u010das, m\u011bn\u00ed se i m\u00f3dn\u00ed trendy. To neplat\u00ed jen o oble\u010den\u00ed, a\u010dkoliv je to obvykle prvn\u00ed v\u011bc, kter\u00e1 n\u00e1s ve spojitosti s t\u00edm napadne. Jedn\u00e1 se nap\u0159\u00edklad i o n\u00e1bytek a za\u0159\u00edzen\u00ed domov\u016f. Abychom se o tom p\u0159esv\u011bd\u010dili, sta\u010d\u00ed se jen pod\u00edvat, jak vypadal b\u011b\u017en\u00fd ob\u00fdvac\u00ed pokoj p\u0159ed dvaceti \u010di t\u0159iceti lety, a jak vypad\u00e1 dnes. Rozd\u00edl je patrn\u00fd na prvn\u00ed pohled. V sou\u010dasn\u00e9 dob\u011b je v tomto ohledu v m\u00f3d\u011b se vracet k v\u00fdrobk\u016fm star\u00e9ho typu. I proto se dob\u0159e prod\u00e1vaj\u00ed napodobeniny star\u00fdch, malovan\u00fdch sk\u0159\u00edn\u00ed a dal\u0161\u00edch kus\u016f, jako je nap\u0159\u00edklad selsk\u00fd st\u016fl. Zde se m\u016f\u017eeme zastavit, nebo\u0165 mnoho lid\u00ed se bude divit, \u010d\u00edm se vlastn\u011b li\u0161\u00ed od toho b\u011b\u017en\u00e9ho. Koneckonc\u016f, funkce je stejn\u00e1, a na rozd\u00edl od sk\u0159\u00edn\u00ed, nen\u00ed zrovna pest\u0159e pomalovan\u00fd. Kde je tedy ten rozd\u00edl?Ten spo\u010d\u00edv\u00e1 p\u0159edev\u0161\u00edm v celkov\u00e9 konstrukci. Ta by m\u011bla b\u00fdt masivn\u00ed d\u0159ev\u011bn\u00e1. Obvykle je pou\u017eito pevn\u00e9, tvrd\u00e9 a t\u011b\u017ek\u00e9 d\u0159evo, jako je nap\u0159\u00edklad dub, nam\u00edsto smrkov\u00e9ho, kter\u00e9 je mnohem leh\u010d\u00ed a p\u0159edev\u0161\u00edm levn\u011bj\u0161\u00ed. To v\u0161ak znamen\u00e1, \u017ee m\u00e1 tak\u00e9 podstatn\u011b v\u011bt\u0161\u00ed hmotnost, a manipulace s n\u00edm je tedy n\u00e1ro\u010dn\u011bj\u0161\u00ed. To v\u0161ak m\u016f\u017ee b\u00fdt v\u00fdhoda, nebo\u0165 nap\u0159\u00edklad p\u0159i j\u00eddle nehroz\u00ed, \u017ee do n\u011bj n\u011bkdo str\u010d\u00ed a vylije tak nap\u0159\u00edklad pol\u00e9vku. Tak\u00e9 se nemus\u00edme b\u00e1t, \u017ee jej lid\u00e9 budou posunovat st\u00e1le d\u00e1l a d\u00e1l od ur\u010den\u00e9ho m\u00edsta.Barva b\u00fdv\u00e1 obvykle z\u00e1kladn\u00ed hn\u011bd\u00e1. Zdoben\u00ed zde obvykle p\u0159\u00edli\u0161 nen\u00ed, a\u010dkoliv n\u011bkdy m\u016f\u017ee m\u00edt zdobn\u011b vy\u0159ez\u00e1van\u00e9 rohy. Je to proto, \u017ee se v d\u00e1vn\u00fdch dob\u00e1ch jednalo o funk\u010dn\u00ed, \u010dasto pou\u017e\u00edvan\u00fd kus n\u00e1bytku, kter\u00fd byl t\u00edm p\u00e1dem vystaven zna\u010dn\u00e9mu opot\u0159eben\u00ed. Barva by se na n\u011bm dlouho neudr\u017eela. Tomu v\u0161emu samoz\u0159ejm\u011b odpov\u00edd\u00e1 i cena, kter\u00e1 je mnohem vy\u0161\u0161\u00ed ne\u017e u klasick\u00e9ho stolu. To plat\u00ed i pro modern\u00ed repliky, kter\u00e9 jsou \u010dasto v r\u00e1mci zachov\u00e1n\u00ed autenticity vyrobeny pr\u00e1v\u011b z v\u00fd\u0161e zm\u00edn\u011bn\u00e9ho tvrd\u00e9ho d\u0159eva. Je tedy na n\u00e1s, zda se n\u00e1m bude l\u00edbit. Jen si mus\u00edme b\u00fdt jisti, \u017ee je pro n\u00e1s skute\u010dn\u011b ten prav\u00fd.                                                                                                                                                                                                                                                                                                                                                                                          4.4\/5 - (5 votes)        "},{"@context":"https:\/\/schema.org\/","@type":"BreadcrumbList","itemListElement":[{"@type":"ListItem","position":1,"name":"Jak se li\u0161\u00ed selsk\u00fd st\u016fl od toho klasick\u00e9ho","item":"https:\/\/www.fcmsa.cz\/jak-se-lisi-selsky-stul-od-toho-klasickeho\/#breadcrumbitem"}]}]