[{"@context":"https:\/\/schema.org\/","@type":"Article","@id":"https:\/\/www.fcmsa.cz\/pohadkove-krasna-zimni-zahrada\/#Article","mainEntityOfPage":"https:\/\/www.fcmsa.cz\/pohadkove-krasna-zimni-zahrada\/","headline":"Poh\u00e1dkov\u011b kr\u00e1sn\u00e1 zimn\u00ed zahrada","name":"Poh\u00e1dkov\u011b kr\u00e1sn\u00e1 zimn\u00ed zahrada","description":"Zimn\u00ed zahradou lid\u00e9 naz\u00fdvaj\u00ed n\u011bkdy jen pokoj, kde je vypnut\u00e9 topen\u00ed a nech\u00e1vaj\u00ed tam p\u0159ezimovat kv\u011btiny, kter\u00e9 jinak b\u00fdvaj\u00ed venku.&hellip;","datePublished":"2019-12-17","dateModified":"2023-05-05","author":{"@type":"Person","@id":"https:\/\/www.fcmsa.cz\/author\/#Person","name":"","url":"https:\/\/www.fcmsa.cz\/author\/","identifier":1,"image":{"@type":"ImageObject","@id":"https:\/\/secure.gravatar.com\/avatar\/f7b3e8bb7f7cc0c6ca940e74a10b952be4c7d81de8a980387c865f88889f02e3?s=96&d=mm&r=g","url":"https:\/\/secure.gravatar.com\/avatar\/f7b3e8bb7f7cc0c6ca940e74a10b952be4c7d81de8a980387c865f88889f02e3?s=96&d=mm&r=g","height":96,"width":96}},"publisher":{"@type":"Organization","name":"fcmsa.cz","logo":{"@type":"ImageObject","@id":"\/logo.png","url":"\/logo.png","width":600,"height":60}},"image":{"@type":"ImageObject","@id":"https:\/\/www.fcmsa.cz\/wp-content\/uploads\/img_a364203_w4230_t1576920906.jpg","url":"https:\/\/www.fcmsa.cz\/wp-content\/uploads\/img_a364203_w4230_t1576920906.jpg","height":0,"width":0},"url":"https:\/\/www.fcmsa.cz\/pohadkove-krasna-zimni-zahrada\/","about":["Zahrada a d\u016fm"],"wordCount":691,"articleBody":"Zimn\u00ed zahradou lid\u00e9 naz\u00fdvaj\u00ed n\u011bkdy jen pokoj, kde je vypnut\u00e9 topen\u00ed a nech\u00e1vaj\u00ed tam p\u0159ezimovat kv\u011btiny, kter\u00e9 jinak b\u00fdvaj\u00ed venku. Prav\u00e1 zimn\u00ed zahrada je ale prosklen\u00e1, je sou\u010d\u00e1st\u00ed domu, ale vypadat m\u016f\u017ee podobn\u011b, jako t\u0159eba sklen\u00edk. Je d\u016fle\u017eit\u00e9, uv\u011bdomit si, jestli tuto \u010d\u00e1st domu chceme vyu\u017e\u00edt jen jako zimovi\u0161t\u011b pro na\u0161e rostliny nebo zde m\u00edt o\u00e1zu klidu v podstat\u011b po cel\u00fd rok. V\u00a0p\u0159\u00edpad\u011b prvn\u00ed mo\u017enosti v\u00e1m asi posta\u010d\u00ed stojany na kv\u011btiny a rostliny, kter\u00e9 do n\u00ed chcete um\u00edstit, p\u0159\u00edpadn\u011b n\u011bjak\u00e1 sk\u0159\u00ed\u0148ka, v\u00a0n\u00ed\u017e budou prost\u0159edky a n\u00e1stroje na o\u0161et\u0159ov\u00e1n\u00ed. Pokud je pro v\u00e1s ide\u00e1ln\u00ed mo\u017enost \u010d\u00edslo dv\u011b, zde je n\u011bkolik tip\u016f, jak si toto m\u00edsto v\u00a0dom\u011b co nejv\u00edce zp\u0159\u00edjemnit.\tVyberte si vhodn\u00fd n\u00e1bytek\tI v\u00a0ob\u00fdvac\u00edm pokoji a cel\u00e9m dom\u011b ud\u011bl\u00e1 n\u00e1bytek opravdu hodn\u011b. M\u016f\u017ee prostor zp\u0159\u00edjemnit nebo ho naopak ud\u011blat depresivn\u00edm. Nejinak je tomu i v\u00a0zimn\u00ed zahrad\u011b. V\u00fdb\u011brem vhodn\u00e9ho n\u00e1bytku z\u00a0n\u00ed m\u016f\u017eete ud\u011blat m\u00edsto, kter\u00e9 vyb\u00edz\u00ed k\u00a0odpo\u010dinku. N\u011bkdo m\u00e1 rad\u011bji kov, n\u011bkdo d\u0159evo, jin\u00fd ratan. Pro v\u011bt\u0161\u00ed pocit pohodl\u00ed jsou dobr\u00e9 pol\u0161t\u00e1\u0159ky a polstrov\u00e1n\u00ed n\u00e1bytku. Kdy\u017e nechcete klasick\u00fd n\u00e1bytek, mohou poslou\u017eit i sedac\u00ed vaky nebo z\u00e1v\u011bsn\u00e1 k\u0159esla, co\u017e m\u016f\u017eete op\u011bt zkombinovat. Fantazii se meze nekladou. Nezoufejte, pokud m\u00e1te jen m\u00edstnost metr kr\u00e1t metr. I tam lze zav\u011bsit mal\u00e9 k\u0159es\u00edlko, d\u00e1t mini sk\u0159\u00ed\u0148ka (kter\u00e1 z\u00e1rove\u0148 poskytne prostor na odlo\u017een\u00ed kv\u011btin\u00e1\u010d\u016f s\u00a0fl\u00f3rou z\u00a0va\u0161\u00ed zahr\u00e1dky nebo parapet\u016f) a hned to vypad\u00e1 l\u00e9pe.\tSoust\u0159e\u010fte se na uklid\u0148uj\u00edc\u00ed barvy\tCo doporu\u010duji, pro maxim\u00e1ln\u00ed uklidn\u011bn\u00ed, je v\u00fdb\u011br p\u0159\u00edrodn\u00edch a zemit\u00fdch barev. Ide\u00e1ln\u00ed je kombinace hn\u011bd\u00e9 a sv\u011btle zelen\u00e9 nebo r\u016fzn\u00fdch \u0161ed\u00fdch t\u00f3n\u016f. Toto jsou jen obecn\u00e1 doporu\u010den\u00ed, ka\u017ed\u00e9ho m\u016f\u017ee uklid\u0148ovat n\u011bco jin\u00e9ho. Chcete-li zvolit v\u00fdrazn\u011bj\u0161\u00ed barvy, m\u016f\u017eete se zkusit soust\u0159edit na barvy, kter\u00e9 le\u017e\u00ed proti sob\u011b v\u00a0barevn\u00e9m spektru. Nap\u0159\u00edklad to m\u016f\u017ee b\u00fdt \u017elut\u00e1 a fialov\u00e1 \u2013 zkuste r\u016fzn\u00e9 odst\u00edny a p\u0159echody.\t\tPoskytn\u011bte \u00fakryt zv\u00ed\u0159at\u016fm\tTo, \u017ee se jedn\u00e1 o prosklen\u00fd prostor, v\u00e1m d\u00e1v\u00e1 jedine\u010dnou mo\u017enost pozorovat zv\u00ed\u0159ata a jejich kr\u00e1sy si tak trochu p\u0159en\u00e9st i do zimn\u00ed zahrady. P\u0159ed sklen\u011bnou tabuli \u201eokna\u201c um\u00edst\u011bte krm\u00edtko pro pt\u00e1ky, na stromy m\u016f\u017eete rozv\u011bsit jablka a mrkve a uvid\u00edte, kolik kr\u00e1sn\u00fdch tvor\u016f nav\u0161t\u00edv\u00ed va\u0161i zahr\u00e1dku. U\u017e jen takov\u00e1 pod\u00edvan\u00e1 na krm\u00edc\u00ed se s\u00fdkorky stoj\u00ed za to.\t\u00a0\tVyberte rostliny nav\u00edc\tPokud se chcete t\u011b\u0161it ze zimn\u00ed zahrady cel\u00fd rok, vyberte tam i kv\u011btiny, kter\u00e9 v\u00a0n\u00ed m\u016f\u017eete m\u00edt po cel\u00fd rok. Zam\u011b\u0159te se na to, jak bude celek barevn\u011b vypadat. K\u00a0\u0161ed\u00fdm odst\u00edn\u016fm by se mohla dob\u0159e hodit v\u00e1no\u010dn\u00ed hv\u011bzda. Standardn\u011b b\u00fdv\u00e1 \u010derven\u00e1, ale existuj\u00ed i kultivary v\u00a0r\u016f\u017eov\u00e9 a b\u00edl\u00e9. K\u00a0hn\u011bd\u00fdm barv\u00e1m zase dob\u0159e p\u016fjdou pop\u00ednav\u00e9 kapradiny.\tZ\u00fatuln\u011bte ji \tDal\u0161\u00ed prvky, kter\u00e9 v\u00e1m pomohou zp\u0159\u00edjemnit m\u00edstnost, jsou koberce, p\u0159\u00edpadn\u011b z\u00e1v\u011bsy a dekorace. Z\u00e1le\u017e\u00ed, do jak\u00e9 atmosf\u00e9ry chcete svou zimn\u00ed zahradu ladit. T\u011bmito kousky bytov\u00e9ho textilu lze tak\u00e9 m\u011bnit vzez\u0159en\u00ed m\u00edstnosti podle ro\u010dn\u00edch obdob\u00ed. Nap\u0159\u00edklad v\u00a0zim\u011b t\u00e9to o\u00e1ze relaxace dodejte b\u00edlou, \u010dervenou a nad\u00fdchan\u00e9 z\u00e1v\u011bsy \u2013 bude p\u016fsobit jako v\u00a0zimn\u00edm kr\u00e1lovstv\u00ed, co\u017e je ve v\u00e1no\u010dn\u00edm a po v\u00e1no\u010dn\u00edm obdob\u00ed opravdu idylick\u00e9, \u017ee?                                                                                                                                                                                                                                                                                                                                                                                        4.7\/5 - (8 votes)        "},{"@context":"https:\/\/schema.org\/","@type":"BreadcrumbList","itemListElement":[{"@type":"ListItem","position":1,"name":"Poh\u00e1dkov\u011b kr\u00e1sn\u00e1 zimn\u00ed zahrada","item":"https:\/\/www.fcmsa.cz\/pohadkove-krasna-zimni-zahrada\/#breadcrumbitem"}]}]