[{"@context":"https:\/\/schema.org\/","@type":"Article","@id":"https:\/\/www.fcmsa.cz\/vyber-stanu\/#Article","mainEntityOfPage":"https:\/\/www.fcmsa.cz\/vyber-stanu\/","headline":"V\u00fdb\u011br stanu","name":"V\u00fdb\u011br stanu","description":"V\u017edycky jsem si \u0159\u00edkala, \u017ee kdybych d\u011blala u n\u00e1s doma na zahrad\u011b n\u011bjakou velikou p\u00e1rty, \u017ee by to cht\u011blo samoz\u0159ejm\u011b&hellip;","datePublished":"2023-02-14","dateModified":"2023-02-14","author":{"@type":"Person","@id":"https:\/\/www.fcmsa.cz\/author\/#Person","name":"","url":"https:\/\/www.fcmsa.cz\/author\/","identifier":1,"image":{"@type":"ImageObject","@id":"https:\/\/secure.gravatar.com\/avatar\/f7b3e8bb7f7cc0c6ca940e74a10b952be4c7d81de8a980387c865f88889f02e3?s=96&d=mm&r=g","url":"https:\/\/secure.gravatar.com\/avatar\/f7b3e8bb7f7cc0c6ca940e74a10b952be4c7d81de8a980387c865f88889f02e3?s=96&d=mm&r=g","height":96,"width":96}},"publisher":{"@type":"Organization","name":"fcmsa.cz","logo":{"@type":"ImageObject","@id":"\/logo.png","url":"\/logo.png","width":600,"height":60}},"image":{"@type":"ImageObject","@id":"https:\/\/www.fcmsa.cz\/wp-content\/uploads\/campground-939588_960_720.jpg","url":"https:\/\/www.fcmsa.cz\/wp-content\/uploads\/campground-939588_960_720.jpg","height":0,"width":0},"url":"https:\/\/www.fcmsa.cz\/vyber-stanu\/","about":["Auto moto"],"wordCount":419,"articleBody":"   V\u017edycky jsem si \u0159\u00edkala, \u017ee kdybych d\u011blala u n\u00e1s doma na zahrad\u011b n\u011bjakou velikou p\u00e1rty, \u017ee by to cht\u011blo samoz\u0159ejm\u011b tak\u00e9 n\u011bjak\u00fd stan. Proto\u017ee si vzpom\u00edn\u00e1m, kdy\u017e t\u0159eba moje sestra d\u011blala n\u011bjakou oslavu na sv\u00e9 zahrad\u011b, tak v\u017edycky za\u010dalo pr\u0161et. A i kdy\u017e moje sestra bedliv\u011b hl\u00eddala v\u017edycky po\u010das\u00ed, aby na jej\u00ed oslavu v\u017edycky bylo opravdu kr\u00e1sn\u011b a sv\u00edtilo slunce, tak se j\u00ed to bohu\u017eel nikdy nevyplatilo. A mo\u017en\u00e1 si vzpom\u00edn\u00e1m, \u017ee jednou se j\u00ed to poda\u0159ilo, kdy jej\u00ed oslava byla opravdu p\u011bkn\u00e1. Jenom\u017ee ona u\u017e m\u011bla snad pades\u00e1t oslav a snad asi jenom \u010dty\u0159ikr\u00e1t j\u00ed vy\u0161lo po\u010das\u00ed. Mysl\u00edm si, \u017ee moje sestra m\u00e1 na tyto zahradn\u00ed oslavy velikou sm\u016flu, proto\u017ee jinak si to nedok\u00e1\u017eu vysv\u011btlit. Proto jsem sest\u0159e doporu\u010dila, aby si na webov\u00e9 str\u00e1nce tentino.cz sehnala n\u011bjak\u00fd p\u00e1rty stan. A t\u0159eba nap\u0159\u00edklad n\u016f\u017ekov\u00fd stan. Mn\u011b osobn\u011b se n\u016f\u017ekov\u00e9 stany opravdu hodn\u011b l\u00edb\u00ed, proto\u017ee jsou kvalitn\u00ed a opravdu skv\u011ble a dlouho vydr\u017e\u00ed. Mn\u011b se tak\u00e9 l\u00edb\u00ed designov\u011b. A podle m\u00e9ho n\u00e1zoru sta\u010d\u00ed absolutn\u011b jak\u00fdkoliv stan na zahradu, proto\u017ee si mysl\u00edm, \u017ee kdy\u017e bude venku pr\u0161et, tak host\u00e9 budou opravdu r\u00e1di za ka\u017ed\u00fd stan, jak\u00fd tam na zahrad\u011b bude, i kdybychom dali t\u0159eba z\u00e1kazn\u00edk\u016fm anebo host\u016fm de\u0161tn\u00edk, tak za to budou tak\u00e9 vd\u011b\u010dn\u00ed.Proto si \u0159\u00edk\u00e1m, \u017ee opravdu kvalitn\u00ed n\u016f\u017ekov\u00fd stan se vyplat\u00ed, i kdy\u017e si mysl\u00edte, \u017ee ho nevyu\u017eijete. J\u00e1 budu m\u00edt v l\u00e9t\u011b tak\u00e9 dv\u011b oslavy, o kter\u00fdch v\u00edm, \u017ee bude plno lid\u00ed, tak\u017ee taky budu po\u0159izovat n\u011bjak\u00fd kvalitn\u00ed n\u016f\u017ekov\u00fd stan. A kdybyste si m\u011bli vy po\u0159\u00eddit n\u011bjak\u00fd kvalitn\u00ed stan, tak v jak\u00e9 by to bylo barv\u011b? V\u00edte, tady na tentino.cz si m\u016f\u017eete vybrat kvalitn\u00ed a p\u011bkn\u00fd stan v n\u011bkolika barv\u00e1ch. J\u00e1 m\u00e1m nav\u00edc moc r\u00e1da praktick\u00e9 v\u011bci, a to podle m\u011b n\u016f\u017ekov\u00fd stan rozhodn\u011b je. Mysl\u00edm si, \u017ee kdy\u017e m\u00e1te velkou zahradu, kde jste hodn\u011b \u010dasu, tak se v\u00e1m stan jist\u011b bude hodit. Nikdy nev\u00edte, kdy v\u00e1s popadne chu\u0165 ud\u011blat p\u00e1rty.                                                                                                                                                                                                                                                                                                                                                                                          5\/5 - (3 votes)        "},{"@context":"https:\/\/schema.org\/","@type":"BreadcrumbList","itemListElement":[{"@type":"ListItem","position":1,"name":"V\u00fdb\u011br stanu","item":"https:\/\/www.fcmsa.cz\/vyber-stanu\/#breadcrumbitem"}]}]